{"id":3381,"date":"2017-11-27T06:45:38","date_gmt":"2017-11-27T05:45:38","guid":{"rendered":"http:\/\/amicsnepal.blog.pangea.org\/?p=3381"},"modified":"2017-11-27T06:45:38","modified_gmt":"2017-11-27T05:45:38","slug":"a-month-full-of-visits-in-balmandir","status":"publish","type":"post","link":"https:\/\/amicsnepal.blog.pangea.org\/es\/2017\/11\/27\/a-month-full-of-visits-in-balmandir\/","title":{"rendered":"Un mes lleno de visitas a Balmandir"},"content":{"rendered":"<p><strong>Escrito por Anna Brunet, viceprecidenta d&#8217;Amics del Nepal\u00a0<\/strong><\/p>\n<p>Estas \u00faltimas semanas hemos tenido muchas visitas, gente que ha venido con ganas de ayudarnos a hacer de esta casa un lugar donde vivir y crecer felices.<\/p>\n<p>A finales de Octubre nos visitaron Madi y Dani, vinieron a pasar un d\u00eda para conocer la casa y sus peque\u00f1os habitantes. Era una d\u00eda de escuela y no pudimos compartir mucho tiempo juntos pero les queremos dar las gracias! Con su donativo hemos podido comprar mantas y colchas nuevas, ahora que viene el fr\u00edo nos ir\u00e1n muy bien!<\/p>\n<p>&nbsp;<\/p>\n<figure id=\"attachment_3390\" aria-describedby=\"caption-attachment-3390\" style=\"width: 973px\" class=\"wp-caption alignnone\"><a href=\"http:\/\/amicsnepal.blog.pangea.org\/files\/2017\/11\/cupula.png\"><img loading=\"lazy\" decoding=\"async\" class=\"wp-image-3390 size-full\" src=\"http:\/\/amicsnepal.blog.pangea.org\/files\/2017\/11\/cupula.png\" alt=\"\" width=\"973\" height=\"639\" srcset=\"https:\/\/amicsnepal.blog.pangea.org\/files\/2017\/11\/cupula.png 973w, https:\/\/amicsnepal.blog.pangea.org\/files\/2017\/11\/cupula-300x197.png 300w, https:\/\/amicsnepal.blog.pangea.org\/files\/2017\/11\/cupula-768x504.png 768w, https:\/\/amicsnepal.blog.pangea.org\/files\/2017\/11\/cupula-600x394.png 600w\" sizes=\"auto, (max-width: 973px) 100vw, 973px\" \/><\/a><figcaption id=\"caption-attachment-3390\" class=\"wp-caption-text\">Anna, Quique,Miquel y Binita con Madi y Dani<\/figcaption><\/figure>\n<p>El mismo d\u00eda tambi\u00e9n lleg\u00f3 Enric, el actual presidente de Amics del Nepal y yo misma, estuvimos 4 d\u00edas en Balmandir. En estos d\u00edas hemos comprobado c\u00f3mo han crecido todos los ni\u00f1os y hemos conocido a los nuevos peque\u00f1os fichajes: Bikram, Manisha, Binita, Kushal y Ekendra, todos ellos llegaron a Balmandir el pasado mes de Abril y ya est\u00e1n muy bien adaptados a su nueva familia. La visita tambi\u00e9n fue muy \u00fatil para hablar con el nuevo director, todo el personal y voluntarios que tenemos trabajando en el centro. Esperamos haber aportado un buen empuj\u00f3n para seguir trabajando y mejorando!<\/p>\n<figure id=\"attachment_3389\" aria-describedby=\"caption-attachment-3389\" style=\"width: 977px\" class=\"wp-caption alignnone\"><a href=\"http:\/\/amicsnepal.blog.pangea.org\/files\/2017\/11\/presis-1.png\"><img loading=\"lazy\" decoding=\"async\" class=\"wp-image-3389 size-full\" src=\"http:\/\/amicsnepal.blog.pangea.org\/files\/2017\/11\/presis-1.png\" alt=\"\" width=\"977\" height=\"631\" srcset=\"https:\/\/amicsnepal.blog.pangea.org\/files\/2017\/11\/presis-1.png 977w, https:\/\/amicsnepal.blog.pangea.org\/files\/2017\/11\/presis-1-300x194.png 300w, https:\/\/amicsnepal.blog.pangea.org\/files\/2017\/11\/presis-1-768x496.png 768w, https:\/\/amicsnepal.blog.pangea.org\/files\/2017\/11\/presis-1-600x388.png 600w\" sizes=\"auto, (max-width: 977px) 100vw, 977px\" \/><\/a><figcaption id=\"caption-attachment-3389\" class=\"wp-caption-text\">Tika antes de irnos<\/figcaption><\/figure>\n<p>El Noviembre tuvimos dos visitas m\u00e1s. Primero vinieron un grupo de escaladores, hab\u00edan coronado una monta\u00f1a de gran dificultad t\u00e9cnica, el Ama Dablam (6812m). Sergi Mingote y sus compa\u00f1eros quisieron destinar su \u00faltimo d\u00eda en Nepal a conocer Balmandir. Los recibimos con una presentaci\u00f3n y un v\u00eddeo que hab\u00edan preparado los ni\u00f1os para explicar c\u00f3mo es su d\u00eda a d\u00eda en Balmandir. Kush, uno de los m\u00e1s grandes, tambi\u00e9n les hizo una explicaci\u00f3n con Power-point.<\/p>\n<figure id=\"attachment_3387\" aria-describedby=\"caption-attachment-3387\" style=\"width: 991px\" class=\"wp-caption alignnone\"><a href=\"http:\/\/amicsnepal.blog.pangea.org\/files\/2017\/11\/presentaci\u00f3-kush.png\"><img loading=\"lazy\" decoding=\"async\" class=\"wp-image-3387 size-full\" src=\"http:\/\/amicsnepal.blog.pangea.org\/files\/2017\/11\/presentaci\u00f3-kush.png\" alt=\"\" width=\"991\" height=\"679\" srcset=\"https:\/\/amicsnepal.blog.pangea.org\/files\/2017\/11\/presentaci\u00f3-kush.png 991w, https:\/\/amicsnepal.blog.pangea.org\/files\/2017\/11\/presentaci\u00f3-kush-300x206.png 300w, https:\/\/amicsnepal.blog.pangea.org\/files\/2017\/11\/presentaci\u00f3-kush-768x526.png 768w, https:\/\/amicsnepal.blog.pangea.org\/files\/2017\/11\/presentaci\u00f3-kush-600x411.png 600w\" sizes=\"auto, (max-width: 991px) 100vw, 991px\" \/><\/a><figcaption id=\"caption-attachment-3387\" class=\"wp-caption-text\">Kush hace la presentaci\u00f3n<\/figcaption><\/figure>\n<p>Los escaladores nos llevaron una bandera de Amics del Nepal que hab\u00eda coronado la cima del Ama Dabalam y la firmamos todos.<\/p>\n<figure id=\"attachment_3383\" aria-describedby=\"caption-attachment-3383\" style=\"width: 996px\" class=\"wp-caption alignnone\"><a href=\"http:\/\/amicsnepal.blog.pangea.org\/files\/2017\/11\/grupminfo.png\"><img loading=\"lazy\" decoding=\"async\" class=\"wp-image-3383 size-full\" src=\"http:\/\/amicsnepal.blog.pangea.org\/files\/2017\/11\/grupminfo.png\" alt=\"\" width=\"996\" height=\"660\" srcset=\"https:\/\/amicsnepal.blog.pangea.org\/files\/2017\/11\/grupminfo.png 996w, https:\/\/amicsnepal.blog.pangea.org\/files\/2017\/11\/grupminfo-300x199.png 300w, https:\/\/amicsnepal.blog.pangea.org\/files\/2017\/11\/grupminfo-768x509.png 768w, https:\/\/amicsnepal.blog.pangea.org\/files\/2017\/11\/grupminfo-600x398.png 600w\" sizes=\"auto, (max-width: 996px) 100vw, 996px\" \/><\/a><figcaption id=\"caption-attachment-3383\" class=\"wp-caption-text\">Con la bandera firmada<\/figcaption><\/figure>\n<p>Tambi\u00e9n nos sorprendieron con un Dron que los ni\u00f1os persiguieron y quer\u00edan cazar, por suerte no pudieron, en cambio el Dron si que cazo unas buenas im\u00e1genes.<\/p>\n<p>La segunda visita del mes de Noviembre llen\u00f3 la casa de Magia. Una vez m\u00e1s queremos agradecer al M\u00e0gic Andreu que, en su estancia en Nepal, nos haya venido hacer una visita. Todos alucinamos y reimos mucho con sus trucos! Al d\u00eda siguiente el M\u00e0gic fue tambi\u00e9n a hacer un espect\u00e1culo en la escuela, ho sea que los ni\u00f1os de Balmandir tuvieron sesi\u00f3n doble.<\/p>\n<p>Os dejamos con algunas im\u00e1genes de todas estas visitas,<\/p>\n<figure id=\"attachment_3386\" aria-describedby=\"caption-attachment-3386\" style=\"width: 993px\" class=\"wp-caption alignnone\"><a href=\"http:\/\/amicsnepal.blog.pangea.org\/files\/2017\/11\/magic3.png\"><img loading=\"lazy\" decoding=\"async\" class=\"wp-image-3386 size-full\" src=\"http:\/\/amicsnepal.blog.pangea.org\/files\/2017\/11\/magic3.png\" alt=\"\" width=\"993\" height=\"685\" srcset=\"https:\/\/amicsnepal.blog.pangea.org\/files\/2017\/11\/magic3.png 993w, https:\/\/amicsnepal.blog.pangea.org\/files\/2017\/11\/magic3-300x207.png 300w, https:\/\/amicsnepal.blog.pangea.org\/files\/2017\/11\/magic3-768x530.png 768w, https:\/\/amicsnepal.blog.pangea.org\/files\/2017\/11\/magic3-600x414.png 600w\" sizes=\"auto, (max-width: 993px) 100vw, 993px\" \/><\/a><figcaption id=\"caption-attachment-3386\" class=\"wp-caption-text\">Basu haciendo magia<\/figcaption><\/figure>\n<figure id=\"attachment_3385\" aria-describedby=\"caption-attachment-3385\" style=\"width: 863px\" class=\"wp-caption alignnone\"><a href=\"http:\/\/amicsnepal.blog.pangea.org\/files\/2017\/11\/magic2.png\"><img loading=\"lazy\" decoding=\"async\" class=\"wp-image-3385 size-full\" src=\"http:\/\/amicsnepal.blog.pangea.org\/files\/2017\/11\/magic2.png\" alt=\"\" width=\"863\" height=\"677\" srcset=\"https:\/\/amicsnepal.blog.pangea.org\/files\/2017\/11\/magic2.png 863w, https:\/\/amicsnepal.blog.pangea.org\/files\/2017\/11\/magic2-300x235.png 300w, https:\/\/amicsnepal.blog.pangea.org\/files\/2017\/11\/magic2-768x602.png 768w, https:\/\/amicsnepal.blog.pangea.org\/files\/2017\/11\/magic2-600x471.png 600w\" sizes=\"auto, (max-width: 863px) 100vw, 863px\" \/><\/a><figcaption id=\"caption-attachment-3385\" class=\"wp-caption-text\">Caras de felicidad<\/figcaption><\/figure>\n<p>&nbsp;<\/p>\n<figure id=\"attachment_3382\" aria-describedby=\"caption-attachment-3382\" style=\"width: 474px\" class=\"wp-caption alignnone\"><a href=\"http:\/\/amicsnepal.blog.pangea.org\/files\/2017\/11\/M\u00e0gic-1.jpg\"><img loading=\"lazy\" decoding=\"async\" class=\"wp-image-3382 size-large\" src=\"http:\/\/amicsnepal.blog.pangea.org\/files\/2017\/11\/M\u00e0gic-1-1024x768.jpg\" alt=\"\" width=\"474\" height=\"356\" srcset=\"https:\/\/amicsnepal.blog.pangea.org\/files\/2017\/11\/M\u00e0gic-1-1024x768.jpg 1024w, https:\/\/amicsnepal.blog.pangea.org\/files\/2017\/11\/M\u00e0gic-1-300x225.jpg 300w, https:\/\/amicsnepal.blog.pangea.org\/files\/2017\/11\/M\u00e0gic-1-768x576.jpg 768w, https:\/\/amicsnepal.blog.pangea.org\/files\/2017\/11\/M\u00e0gic-1-600x450.jpg 600w\" sizes=\"auto, (max-width: 474px) 100vw, 474px\" \/><\/a><figcaption id=\"caption-attachment-3382\" class=\"wp-caption-text\">Purnima no se lo cree<\/figcaption><\/figure>\n<figure id=\"attachment_3391\" aria-describedby=\"caption-attachment-3391\" style=\"width: 1007px\" class=\"wp-caption alignnone\"><a href=\"http:\/\/amicsnepal.blog.pangea.org\/files\/2017\/11\/grupmagic.png\"><img loading=\"lazy\" decoding=\"async\" class=\"wp-image-3391 size-full\" src=\"http:\/\/amicsnepal.blog.pangea.org\/files\/2017\/11\/grupmagic.png\" alt=\"\" width=\"1007\" height=\"747\" srcset=\"https:\/\/amicsnepal.blog.pangea.org\/files\/2017\/11\/grupmagic.png 1007w, https:\/\/amicsnepal.blog.pangea.org\/files\/2017\/11\/grupmagic-300x223.png 300w, https:\/\/amicsnepal.blog.pangea.org\/files\/2017\/11\/grupmagic-768x570.png 768w, https:\/\/amicsnepal.blog.pangea.org\/files\/2017\/11\/grupmagic-600x445.png 600w\" sizes=\"auto, (max-width: 1007px) 100vw, 1007px\" \/><\/a><figcaption id=\"caption-attachment-3391\" class=\"wp-caption-text\">Todos viendo el espectaculo de M\u00e0gic Andreu<\/figcaption><\/figure>\n<p>&nbsp;<\/p>\n<p>MUCHAS GRACIAS A TODOS POR AYUDARNOS A SEGUIR ADELANTE !!<\/p>","protected":false},"excerpt":{"rendered":"<p>Escrito por Anna Brunet, viceprecidenta d&#8217;Amics del Nepal\u00a0 Estas \u00faltimas semanas hemos tenido muchas visitas, gente que ha venido con ganas de ayudarnos a hacer de esta casa un lugar donde vivir y crecer felices. A finales de Octubre nos visitaron Madi y Dani, vinieron a pasar un d\u00eda para conocer la casa y sus [&hellip;]<\/p>\n","protected":false},"author":12345693,"featured_media":3384,"comment_status":"closed","ping_status":"open","sticky":false,"template":"","format":"standard","meta":{"footnotes":""},"categories":[3],"tags":[],"class_list":["post-3381","post","type-post","status-publish","format-standard","has-post-thumbnail","hentry","category-general"],"_links":{"self":[{"href":"https:\/\/amicsnepal.blog.pangea.org\/es\/wp-json\/wp\/v2\/posts\/3381","targetHints":{"allow":["GET"]}}],"collection":[{"href":"https:\/\/amicsnepal.blog.pangea.org\/es\/wp-json\/wp\/v2\/posts"}],"about":[{"href":"https:\/\/amicsnepal.blog.pangea.org\/es\/wp-json\/wp\/v2\/types\/post"}],"author":[{"embeddable":true,"href":"https:\/\/amicsnepal.blog.pangea.org\/es\/wp-json\/wp\/v2\/users\/12345693"}],"replies":[{"embeddable":true,"href":"https:\/\/amicsnepal.blog.pangea.org\/es\/wp-json\/wp\/v2\/comments?post=3381"}],"version-history":[{"count":2,"href":"https:\/\/amicsnepal.blog.pangea.org\/es\/wp-json\/wp\/v2\/posts\/3381\/revisions"}],"predecessor-version":[{"id":3393,"href":"https:\/\/amicsnepal.blog.pangea.org\/es\/wp-json\/wp\/v2\/posts\/3381\/revisions\/3393"}],"wp:featuredmedia":[{"embeddable":true,"href":"https:\/\/amicsnepal.blog.pangea.org\/es\/wp-json\/wp\/v2\/media\/3384"}],"wp:attachment":[{"href":"https:\/\/amicsnepal.blog.pangea.org\/es\/wp-json\/wp\/v2\/media?parent=3381"}],"wp:term":[{"taxonomy":"category","embeddable":true,"href":"https:\/\/amicsnepal.blog.pangea.org\/es\/wp-json\/wp\/v2\/categories?post=3381"},{"taxonomy":"post_tag","embeddable":true,"href":"https:\/\/amicsnepal.blog.pangea.org\/es\/wp-json\/wp\/v2\/tags?post=3381"}],"curies":[{"name":"wp","href":"https:\/\/api.w.org\/{rel}","templated":true}]}}