{"id":3511,"date":"2018-03-17T05:01:02","date_gmt":"2018-03-17T04:01:02","guid":{"rendered":"http:\/\/amicsnepal.blog.pangea.org\/?p=3511"},"modified":"2018-03-17T05:02:19","modified_gmt":"2018-03-17T04:02:19","slug":"welcome-to-balmandir-home","status":"publish","type":"post","link":"https:\/\/amicsnepal.blog.pangea.org\/ca\/2018\/03\/17\/welcome-to-balmandir-home\/","title":{"rendered":"Benvinguts a la casa de Balmandir!"},"content":{"rendered":"<p><b>Escrit per Guillem Pujol, voluntari a la casa d\u2019acollida de Bhimphedi<\/b><\/p>\n<p>Ahir va ser un dia especial. Al Nepal gaireb\u00e9 cada dia \u00e9s una aventura per\u00f2 avui 6 nens han passat a formar part de la fam\u00edlia de Balmandir Bhimphedi. Ahir al\u00a0 mat\u00ed el director del centre, Surendra,\u00a0 va\u00a0 anar a buscar aquests 6 menuts a la NCO a Kathmandu i ahir al vespre\u00a0 mateix van arribar a la casa d\u2019acolliment on els van rebre els seus nous germans i germanes. Tamb\u00e9 hem de donar les gr\u00e0cies a dos joves de Katmand\u00fa ja que van ajudar al Surendra en aquesta costosa feina, que \u00e9s la de portar 6 nens fins a bhimphedi.\u00a0 Entenent que \u00e9s un viatget mogut d&#8217;entre tres i quatre hores.<\/p>\n<figure id=\"attachment_3516\" aria-describedby=\"caption-attachment-3516\" style=\"width: 474px\" class=\"wp-caption alignnone\"><a href=\"http:\/\/amicsnepal.blog.pangea.org\/files\/2018\/03\/IMG_2690-e1521103570546.jpg\"><img loading=\"lazy\" decoding=\"async\" class=\"wp-image-3516 size-large\" src=\"http:\/\/amicsnepal.blog.pangea.org\/files\/2018\/03\/IMG_2690-e1521103570546-814x1024.jpg\" alt=\"\" width=\"474\" height=\"596\" srcset=\"https:\/\/amicsnepal.blog.pangea.org\/files\/2018\/03\/IMG_2690-e1521103570546-814x1024.jpg 814w, https:\/\/amicsnepal.blog.pangea.org\/files\/2018\/03\/IMG_2690-e1521103570546-239x300.jpg 239w, https:\/\/amicsnepal.blog.pangea.org\/files\/2018\/03\/IMG_2690-e1521103570546-768x966.jpg 768w, https:\/\/amicsnepal.blog.pangea.org\/files\/2018\/03\/IMG_2690-e1521103570546-600x754.jpg 600w\" sizes=\"auto, (max-width: 474px) 100vw, 474px\" \/><\/a><figcaption id=\"caption-attachment-3516\" class=\"wp-caption-text\">Al\u00b7lucinant amb el jeep<\/figcaption><\/figure>\n<p>El Ram, el Sisir, el Basanta, el Rabi,\u00a0 el Sandeep i el Laxman &#8211; tots entre 4 i 6 anys . Han arribat per revolucionar la casa un cop m\u00e9s, amb el poc temps que porten aqu\u00ed per\u00f2, ja estan molt adaptats i s&#8217;ho estan passant d&#8217;all\u00f3 m\u00e9s b\u00e9. Ja sigui investigant la casa mateix com relacionant-se amb els seus nous amics i amigues.<\/p>\n<figure id=\"attachment_3517\" aria-describedby=\"caption-attachment-3517\" style=\"width: 474px\" class=\"wp-caption aligncenter\"><a style=\"color: #41a62a\" href=\"http:\/\/amicsnepal.blog.pangea.org\/files\/2018\/03\/IMG_2683.jpg\"><img loading=\"lazy\" decoding=\"async\" class=\"wp-image-3517 size-large\" src=\"http:\/\/amicsnepal.blog.pangea.org\/files\/2018\/03\/IMG_2683-1024x769.jpg\" alt=\"\" width=\"474\" height=\"356\" srcset=\"https:\/\/amicsnepal.blog.pangea.org\/files\/2018\/03\/IMG_2683-1024x769.jpg 1024w, https:\/\/amicsnepal.blog.pangea.org\/files\/2018\/03\/IMG_2683-300x225.jpg 300w, https:\/\/amicsnepal.blog.pangea.org\/files\/2018\/03\/IMG_2683-768x577.jpg 768w, https:\/\/amicsnepal.blog.pangea.org\/files\/2018\/03\/IMG_2683-600x451.jpg 600w\" sizes=\"auto, (max-width: 474px) 100vw, 474px\" \/><\/a><figcaption id=\"caption-attachment-3517\" class=\"wp-caption-text\">El Sisir i el Ram<\/figcaption><\/figure>\n<p>Creiem i sabem que estaran molt b\u00e9 a Balmandir, tindrem cura d&#8217;ells i les seves necessitats. Entenent que potser \u00e9s un moment delicat de les seves petites vides,\u00a0 tot i que els grans de la casa ja saben com funciona aquesta experi\u00e8ncia i qu\u00e8 han de fer per crear un ambient c\u00f2mode i acollidor des del primer moment en que nens nous posen un peu a la casa.\u00a0 Ja \u00fas mantindrem informats de les noves aventures que ens passen a Balmandir.<\/p>\n<p><figure id=\"attachment_3522\" aria-describedby=\"caption-attachment-3522\" style=\"width: 474px\" class=\"wp-caption alignnone\"><a href=\"http:\/\/amicsnepal.blog.pangea.org\/files\/2018\/03\/IMG_2661.jpg\"><img loading=\"lazy\" decoding=\"async\" class=\"wp-image-3522 size-large\" src=\"http:\/\/amicsnepal.blog.pangea.org\/files\/2018\/03\/IMG_2661-1024x768.jpg\" alt=\"\" width=\"474\" height=\"356\" srcset=\"https:\/\/amicsnepal.blog.pangea.org\/files\/2018\/03\/IMG_2661-1024x768.jpg 1024w, https:\/\/amicsnepal.blog.pangea.org\/files\/2018\/03\/IMG_2661-300x225.jpg 300w, https:\/\/amicsnepal.blog.pangea.org\/files\/2018\/03\/IMG_2661-768x576.jpg 768w, https:\/\/amicsnepal.blog.pangea.org\/files\/2018\/03\/IMG_2661-600x450.jpg 600w\" sizes=\"auto, (max-width: 474px) 100vw, 474px\" \/><\/a><figcaption id=\"caption-attachment-3522\" class=\"wp-caption-text\">Els sis nens nous preperant-se per venir a Balmandir<\/figcaption><\/figure><\/p>","protected":false},"excerpt":{"rendered":"<p>Escrit per Guillem Pujol, voluntari a la casa d\u2019acollida de Bhimphedi Ahir va ser un dia especial. Al Nepal gaireb\u00e9 cada dia \u00e9s una aventura per\u00f2 avui 6 nens han passat a formar part de la fam\u00edlia de Balmandir Bhimphedi. Ahir al\u00a0 mat\u00ed el director del centre, Surendra,\u00a0 va\u00a0 anar a buscar aquests 6 menuts [&hellip;]<\/p>\n","protected":false},"author":12345693,"featured_media":3518,"comment_status":"closed","ping_status":"open","sticky":false,"template":"","format":"standard","meta":{"footnotes":""},"categories":[3],"tags":[],"class_list":["post-3511","post","type-post","status-publish","format-standard","has-post-thumbnail","hentry","category-general"],"_links":{"self":[{"href":"https:\/\/amicsnepal.blog.pangea.org\/ca\/wp-json\/wp\/v2\/posts\/3511","targetHints":{"allow":["GET"]}}],"collection":[{"href":"https:\/\/amicsnepal.blog.pangea.org\/ca\/wp-json\/wp\/v2\/posts"}],"about":[{"href":"https:\/\/amicsnepal.blog.pangea.org\/ca\/wp-json\/wp\/v2\/types\/post"}],"author":[{"embeddable":true,"href":"https:\/\/amicsnepal.blog.pangea.org\/ca\/wp-json\/wp\/v2\/users\/12345693"}],"replies":[{"embeddable":true,"href":"https:\/\/amicsnepal.blog.pangea.org\/ca\/wp-json\/wp\/v2\/comments?post=3511"}],"version-history":[{"count":8,"href":"https:\/\/amicsnepal.blog.pangea.org\/ca\/wp-json\/wp\/v2\/posts\/3511\/revisions"}],"predecessor-version":[{"id":3524,"href":"https:\/\/amicsnepal.blog.pangea.org\/ca\/wp-json\/wp\/v2\/posts\/3511\/revisions\/3524"}],"wp:featuredmedia":[{"embeddable":true,"href":"https:\/\/amicsnepal.blog.pangea.org\/ca\/wp-json\/wp\/v2\/media\/3518"}],"wp:attachment":[{"href":"https:\/\/amicsnepal.blog.pangea.org\/ca\/wp-json\/wp\/v2\/media?parent=3511"}],"wp:term":[{"taxonomy":"category","embeddable":true,"href":"https:\/\/amicsnepal.blog.pangea.org\/ca\/wp-json\/wp\/v2\/categories?post=3511"},{"taxonomy":"post_tag","embeddable":true,"href":"https:\/\/amicsnepal.blog.pangea.org\/ca\/wp-json\/wp\/v2\/tags?post=3511"}],"curies":[{"name":"wp","href":"https:\/\/api.w.org\/{rel}","templated":true}]}}