{"id":2209,"date":"2016-12-09T13:41:15","date_gmt":"2016-12-09T12:41:15","guid":{"rendered":"http:\/\/amicsnepal.blog.pangea.org\/?p=2209"},"modified":"2016-12-09T13:41:51","modified_gmt":"2016-12-09T12:41:51","slug":"trup-de-nassos","status":"publish","type":"post","link":"https:\/\/amicsnepal.blog.pangea.org\/ca\/2016\/12\/09\/trup-de-nassos\/","title":{"rendered":"Trup de Nassos"},"content":{"rendered":"<p>Aquesta setmana hem tingut una visita per petar-se de riure. Una companyia de nassos vermells ha vingut de gira per Bhimphedi i Hetauda: <a href=\"https:\/\/www.facebook.com\/TrupdeNassos\/\" target=\"_blank\">la Trup de Nassos<\/a>.<\/p>\n<p>La primera actuaci\u00f3 va ser a l\u2019escola comunit\u00e0ria de Bhim Aadhar on els nostres nens estudien prim\u00e0ria. Tot i que al principi de l\u2019actuaci\u00f3 hi havia nom\u00e9s els nens i mestres de l\u2019escola, els riures que es podien escoltar des del carrer principal del poble va provocar que poc a poc curiosos s\u2019anessin afegint al p\u00fablic com si fossin un nen m\u00e9s.<\/p>\n<figure id=\"attachment_2197\" aria-describedby=\"caption-attachment-2197\" style=\"width: 600px\" class=\"wp-caption alignnone\"><a href=\"http:\/\/amicsnepal.blog.pangea.org\/files\/2016\/12\/bhim-adhar-04.jpg\"><img loading=\"lazy\" decoding=\"async\" class=\"wp-image-2197 size-full\" src=\"http:\/\/amicsnepal.blog.pangea.org\/files\/2016\/12\/bhim-adhar-04.jpg\" alt=\"bhim-adhar-04\" width=\"600\" height=\"337\" srcset=\"https:\/\/amicsnepal.blog.pangea.org\/files\/2016\/12\/bhim-adhar-04.jpg 600w, https:\/\/amicsnepal.blog.pangea.org\/files\/2016\/12\/bhim-adhar-04-300x169.jpg 300w\" sizes=\"auto, (max-width: 600px) 100vw, 600px\" \/><\/a><figcaption id=\"caption-attachment-2197\" class=\"wp-caption-text\">Trup de Nassos fent l&#8217;espectacle a l&#8217;escola Bhim Aadhar.<\/figcaption><\/figure>\n<figure id=\"attachment_2198\" aria-describedby=\"caption-attachment-2198\" style=\"width: 600px\" class=\"wp-caption alignnone\"><a href=\"http:\/\/amicsnepal.blog.pangea.org\/files\/2016\/12\/bhim-adhar-18.jpeg\"><img loading=\"lazy\" decoding=\"async\" class=\"wp-image-2198 size-full\" src=\"http:\/\/amicsnepal.blog.pangea.org\/files\/2016\/12\/bhim-adhar-18.jpeg\" alt=\"bhim-adhar-18\" width=\"600\" height=\"337\" srcset=\"https:\/\/amicsnepal.blog.pangea.org\/files\/2016\/12\/bhim-adhar-18.jpeg 600w, https:\/\/amicsnepal.blog.pangea.org\/files\/2016\/12\/bhim-adhar-18-300x169.jpeg 300w\" sizes=\"auto, (max-width: 600px) 100vw, 600px\" \/><\/a><figcaption id=\"caption-attachment-2198\" class=\"wp-caption-text\">Trup de Nassos fent l&#8217;espectacle a l&#8217;escola Bhim Aadhar.<\/figcaption><\/figure>\n<p>Els pallassos un cop acabat l\u2019espectacle, ja en volien fer un de nou, per\u00f2 ja es feia fosc i els seg\u00fcents espectacles estaven organitzats per el dia seg\u00fcent a Hetauda. Les actuacions a Hetauda eren molt especials. La primera actuaci\u00f3 era a la unitat d\u2019educaci\u00f3 especial \u201cImagine\u201d (si voleu saber coses sobre aquest magn\u00edfic projecte de l\u2019Aina Barca, podeu visitar la seva <a href=\"http:\/\/www.familiadehetauda.org\/\" target=\"_blank\">p\u00e0gina web<\/a> o <a href=\"https:\/\/www.instagram.com\/familiadehetauda\/\" target=\"_blank\">instagram<\/a>). La segona actuaci\u00f3 va ser a la casa d\u2019acolliment Helpless and Disabled Child Rehabilitation Center.<\/p>\n<figure id=\"attachment_2199\" aria-describedby=\"caption-attachment-2199\" style=\"width: 600px\" class=\"wp-caption alignnone\"><a href=\"http:\/\/amicsnepal.blog.pangea.org\/files\/2016\/12\/Hetauda.jpeg\"><img loading=\"lazy\" decoding=\"async\" class=\"wp-image-2199 size-full\" src=\"http:\/\/amicsnepal.blog.pangea.org\/files\/2016\/12\/Hetauda.jpeg\" alt=\"hetauda\" width=\"600\" height=\"399\" srcset=\"https:\/\/amicsnepal.blog.pangea.org\/files\/2016\/12\/Hetauda.jpeg 600w, https:\/\/amicsnepal.blog.pangea.org\/files\/2016\/12\/Hetauda-300x200.jpeg 300w\" sizes=\"auto, (max-width: 600px) 100vw, 600px\" \/><\/a><figcaption id=\"caption-attachment-2199\" class=\"wp-caption-text\">Trup de Nassos a Hetauda.<\/figcaption><\/figure>\n<p>El tercer i \u00faltim dia de la gira, la Trup de Nassos va tornar cap a Bhimphedi i va fer una actuaci\u00f3 que tancava la seva gira al Nepal (despr\u00e9s de 17 actuacions). La darrera actuaci\u00f3 va ser a l\u2019escola p\u00fablica de Suping, on els nens estan d\u2019ex\u00e0mens i l\u2019actuaci\u00f3 els va fer riure i relaxar-se abans de l\u2019examen. Esperem que els an\u00e9s b\u00e9!<\/p>\n<figure id=\"attachment_2196\" aria-describedby=\"caption-attachment-2196\" style=\"width: 474px\" class=\"wp-caption alignnone\"><a href=\"http:\/\/amicsnepal.blog.pangea.org\/files\/2016\/12\/suping-04.jpeg\"><img loading=\"lazy\" decoding=\"async\" class=\"wp-image-2196 size-large\" src=\"http:\/\/amicsnepal.blog.pangea.org\/files\/2016\/12\/suping-04-1024x682.jpeg\" alt=\"suping-04\" width=\"474\" height=\"316\" srcset=\"https:\/\/amicsnepal.blog.pangea.org\/files\/2016\/12\/suping-04-1024x682.jpeg 1024w, https:\/\/amicsnepal.blog.pangea.org\/files\/2016\/12\/suping-04-300x200.jpeg 300w, https:\/\/amicsnepal.blog.pangea.org\/files\/2016\/12\/suping-04-768x511.jpeg 768w, https:\/\/amicsnepal.blog.pangea.org\/files\/2016\/12\/suping-04.jpeg 1500w\" sizes=\"auto, (max-width: 474px) 100vw, 474px\" \/><\/a><figcaption id=\"caption-attachment-2196\" class=\"wp-caption-text\">Trup de Nassos fent l&#8217;espectacle a l&#8217;escola p\u00fablica de Suping.<\/figcaption><\/figure>\n<figure id=\"attachment_2200\" aria-describedby=\"caption-attachment-2200\" style=\"width: 600px\" class=\"wp-caption alignnone\"><a href=\"http:\/\/amicsnepal.blog.pangea.org\/files\/2016\/12\/suping-02.jpeg\"><img loading=\"lazy\" decoding=\"async\" class=\"wp-image-2200 size-full\" src=\"http:\/\/amicsnepal.blog.pangea.org\/files\/2016\/12\/suping-02.jpeg\" alt=\"suping-02\" width=\"600\" height=\"399\" srcset=\"https:\/\/amicsnepal.blog.pangea.org\/files\/2016\/12\/suping-02.jpeg 600w, https:\/\/amicsnepal.blog.pangea.org\/files\/2016\/12\/suping-02-300x200.jpeg 300w\" sizes=\"auto, (max-width: 600px) 100vw, 600px\" \/><\/a><figcaption id=\"caption-attachment-2200\" class=\"wp-caption-text\">Trup de Nassos fent l&#8217;espectacle a l&#8217;escola p\u00fablica de Suping.<\/figcaption><\/figure>\n<p>Aquest no \u00e9s el primer cop que tenim visites d\u2019all\u00f2 m\u00e9s divertides. Recordem la visita del <a href=\"http:\/\/amicsnepal.blog.pangea.org\/2015\/09\/26\/aerial-acrobatics\/\" target=\"_blank\">Pallass\u00f3 Mag\u00ed<\/a> i la recent visita del grup d\u2019animaci\u00f3 <a href=\"http:\/\/amicsnepal.blog.pangea.org\/2016\/11\/04\/els-atrapasomnis-in-balmandir\/\" target=\"_blank\">Atrapasomnis<\/a>. I ning\u00fa en el poble s\u2019oblida de la visita d\u2019un divertit mag que anava fent m\u00e0gia pel poble, el M\u00e0gic Andreu, que ens va visitar el 2013 i 2014 fent actuacions a Bhimphedi i Hetauda sense parar, tant a cases d\u2019acolliment, com escoles, al carrer i fins i tot a la pres\u00f3 de Bhimphedi.<\/p>\n<figure id=\"attachment_2201\" aria-describedby=\"caption-attachment-2201\" style=\"width: 600px\" class=\"wp-caption alignnone\"><a href=\"http:\/\/amicsnepal.blog.pangea.org\/files\/2016\/12\/2013-balmandir.jpg\"><img loading=\"lazy\" decoding=\"async\" class=\"wp-image-2201 size-full\" src=\"http:\/\/amicsnepal.blog.pangea.org\/files\/2016\/12\/2013-balmandir.jpg\" alt=\"2013-balmandir\" width=\"600\" height=\"400\" srcset=\"https:\/\/amicsnepal.blog.pangea.org\/files\/2016\/12\/2013-balmandir.jpg 600w, https:\/\/amicsnepal.blog.pangea.org\/files\/2016\/12\/2013-balmandir-300x200.jpg 300w\" sizes=\"auto, (max-width: 600px) 100vw, 600px\" \/><\/a><figcaption id=\"caption-attachment-2201\" class=\"wp-caption-text\">Maig de 2013: Taller de m\u00e0gia del M\u00e0gic Andreu a la casa d&#8217;acolliment de Bhimphedi.<\/figcaption><\/figure>\n<figure id=\"attachment_2203\" aria-describedby=\"caption-attachment-2203\" style=\"width: 600px\" class=\"wp-caption alignnone\"><a href=\"http:\/\/amicsnepal.blog.pangea.org\/files\/2016\/12\/2013-bhimphedi.jpg\"><img loading=\"lazy\" decoding=\"async\" class=\"wp-image-2203 size-full\" src=\"http:\/\/amicsnepal.blog.pangea.org\/files\/2016\/12\/2013-bhimphedi.jpg\" alt=\"2013-bhimphedi\" width=\"600\" height=\"449\" srcset=\"https:\/\/amicsnepal.blog.pangea.org\/files\/2016\/12\/2013-bhimphedi.jpg 600w, https:\/\/amicsnepal.blog.pangea.org\/files\/2016\/12\/2013-bhimphedi-300x225.jpg 300w\" sizes=\"auto, (max-width: 600px) 100vw, 600px\" \/><\/a><figcaption id=\"caption-attachment-2203\" class=\"wp-caption-text\">Maig de 2013: Actuaci\u00f3 del m\u00e0gic Andreu a un carrer del poble de Bhimphedi.<\/figcaption><\/figure>\n<figure id=\"attachment_2202\" aria-describedby=\"caption-attachment-2202\" style=\"width: 600px\" class=\"wp-caption alignnone\"><a href=\"http:\/\/amicsnepal.blog.pangea.org\/files\/2016\/12\/2013-Bhim-aadhar.jpg\"><img loading=\"lazy\" decoding=\"async\" class=\"wp-image-2202 size-full\" src=\"http:\/\/amicsnepal.blog.pangea.org\/files\/2016\/12\/2013-Bhim-aadhar.jpg\" alt=\"2013-bhim-aadhar\" width=\"600\" height=\"449\" srcset=\"https:\/\/amicsnepal.blog.pangea.org\/files\/2016\/12\/2013-Bhim-aadhar.jpg 600w, https:\/\/amicsnepal.blog.pangea.org\/files\/2016\/12\/2013-Bhim-aadhar-300x225.jpg 300w\" sizes=\"auto, (max-width: 600px) 100vw, 600px\" \/><\/a><figcaption id=\"caption-attachment-2202\" class=\"wp-caption-text\">Maig de 2013: Actuaci\u00f3 de m\u00e0gia del M\u00e0gic Andreu a l&#8217;escola Bhim Aadhar.<\/figcaption><\/figure>\n<figure id=\"attachment_2205\" aria-describedby=\"caption-attachment-2205\" style=\"width: 600px\" class=\"wp-caption alignnone\"><a href=\"http:\/\/amicsnepal.blog.pangea.org\/files\/2016\/12\/2013-Shree-mahendra-2.jpg\"><img loading=\"lazy\" decoding=\"async\" class=\"wp-image-2205 size-full\" src=\"http:\/\/amicsnepal.blog.pangea.org\/files\/2016\/12\/2013-Shree-mahendra-2.jpg\" alt=\"2013-shree-mahendra-2\" width=\"600\" height=\"400\" srcset=\"https:\/\/amicsnepal.blog.pangea.org\/files\/2016\/12\/2013-Shree-mahendra-2.jpg 600w, https:\/\/amicsnepal.blog.pangea.org\/files\/2016\/12\/2013-Shree-mahendra-2-300x200.jpg 300w\" sizes=\"auto, (max-width: 600px) 100vw, 600px\" \/><\/a><figcaption id=\"caption-attachment-2205\" class=\"wp-caption-text\">Maig de 2013: Actuaci\u00f3 del M\u00e0gic Andreu a l&#8217;escola p\u00fablica de Bhimphedi, Shree Mahendra.<\/figcaption><\/figure>\n<figure id=\"attachment_2206\" aria-describedby=\"caption-attachment-2206\" style=\"width: 600px\" class=\"wp-caption alignnone\"><a href=\"http:\/\/amicsnepal.blog.pangea.org\/files\/2016\/12\/2013-Shree-mahendra-3.jpg\"><img loading=\"lazy\" decoding=\"async\" class=\"wp-image-2206 size-full\" src=\"http:\/\/amicsnepal.blog.pangea.org\/files\/2016\/12\/2013-Shree-mahendra-3.jpg\" alt=\"2013-shree-mahendra-3\" width=\"600\" height=\"400\" srcset=\"https:\/\/amicsnepal.blog.pangea.org\/files\/2016\/12\/2013-Shree-mahendra-3.jpg 600w, https:\/\/amicsnepal.blog.pangea.org\/files\/2016\/12\/2013-Shree-mahendra-3-300x200.jpg 300w\" sizes=\"auto, (max-width: 600px) 100vw, 600px\" \/><\/a><figcaption id=\"caption-attachment-2206\" class=\"wp-caption-text\">Maig de 2013: Actuaci\u00f3 del M\u00e0gic Andreu a l&#8217;escola p\u00fablica de Bhimphedi, Shree Mahendra.<\/figcaption><\/figure>\n<figure id=\"attachment_2207\" aria-describedby=\"caption-attachment-2207\" style=\"width: 600px\" class=\"wp-caption alignnone\"><a href=\"http:\/\/amicsnepal.blog.pangea.org\/files\/2016\/12\/2013-may-Shree-mahendra.jpg\"><img loading=\"lazy\" decoding=\"async\" class=\"wp-image-2207 size-full\" src=\"http:\/\/amicsnepal.blog.pangea.org\/files\/2016\/12\/2013-may-Shree-mahendra.jpg\" alt=\"2013-may-shree-mahendra\" width=\"600\" height=\"400\" srcset=\"https:\/\/amicsnepal.blog.pangea.org\/files\/2016\/12\/2013-may-Shree-mahendra.jpg 600w, https:\/\/amicsnepal.blog.pangea.org\/files\/2016\/12\/2013-may-Shree-mahendra-300x200.jpg 300w\" sizes=\"auto, (max-width: 600px) 100vw, 600px\" \/><\/a><figcaption id=\"caption-attachment-2207\" class=\"wp-caption-text\">Maig de 2013: Actuaci\u00f3 del M\u00e0gic Andreu a l&#8217;escola p\u00fablica de Bhimphedi, Shree Mahendra.<\/figcaption><\/figure>\n<figure id=\"attachment_2204\" aria-describedby=\"caption-attachment-2204\" style=\"width: 600px\" class=\"wp-caption alignnone\"><a href=\"http:\/\/amicsnepal.blog.pangea.org\/files\/2016\/12\/2014-feb-suping.jpg\"><img loading=\"lazy\" decoding=\"async\" class=\"wp-image-2204 size-full\" src=\"http:\/\/amicsnepal.blog.pangea.org\/files\/2016\/12\/2014-feb-suping.jpg\" alt=\"2014-feb-suping\" width=\"600\" height=\"400\" srcset=\"https:\/\/amicsnepal.blog.pangea.org\/files\/2016\/12\/2014-feb-suping.jpg 600w, https:\/\/amicsnepal.blog.pangea.org\/files\/2016\/12\/2014-feb-suping-300x200.jpg 300w\" sizes=\"auto, (max-width: 600px) 100vw, 600px\" \/><\/a><figcaption id=\"caption-attachment-2204\" class=\"wp-caption-text\">Febrer de 2014: Actuaci\u00f3 del M\u00e0gic Andreu a l&#8217;escola p\u00fablica de Suping.<\/figcaption><\/figure>\n<p><figure id=\"attachment_2208\" aria-describedby=\"caption-attachment-2208\" style=\"width: 600px\" class=\"wp-caption alignnone\"><a href=\"http:\/\/amicsnepal.blog.pangea.org\/files\/2016\/12\/2014-feb-suping-2.jpg\"><img loading=\"lazy\" decoding=\"async\" class=\"wp-image-2208 size-full\" src=\"http:\/\/amicsnepal.blog.pangea.org\/files\/2016\/12\/2014-feb-suping-2.jpg\" alt=\"2014-feb-suping-2\" width=\"600\" height=\"450\" srcset=\"https:\/\/amicsnepal.blog.pangea.org\/files\/2016\/12\/2014-feb-suping-2.jpg 600w, https:\/\/amicsnepal.blog.pangea.org\/files\/2016\/12\/2014-feb-suping-2-300x225.jpg 300w\" sizes=\"auto, (max-width: 600px) 100vw, 600px\" \/><\/a><figcaption id=\"caption-attachment-2208\" class=\"wp-caption-text\">Febrer de 2014: Actuaci\u00f3 del M\u00e0gic Andreu a l&#8217;escola p\u00fablica de Suping.<\/figcaption><\/figure><\/p>","protected":false},"excerpt":{"rendered":"<p>Aquesta setmana hem tingut una visita per petar-se de riure. Una companyia de nassos vermells ha vingut de gira per Bhimphedi i Hetauda: la Trup de Nassos. La primera actuaci\u00f3 va ser a l\u2019escola comunit\u00e0ria de Bhim Aadhar on els nostres nens estudien prim\u00e0ria. Tot i que al principi de l\u2019actuaci\u00f3 hi havia nom\u00e9s els [&hellip;]<\/p>\n","protected":false},"author":2539,"featured_media":2196,"comment_status":"closed","ping_status":"open","sticky":false,"template":"","format":"standard","meta":{"footnotes":""},"categories":[26871,134,3],"tags":[],"class_list":["post-2209","post","type-post","status-publish","format-standard","has-post-thumbnail","hentry","category-activities-and-trainings","category-art","category-general"],"_links":{"self":[{"href":"https:\/\/amicsnepal.blog.pangea.org\/ca\/wp-json\/wp\/v2\/posts\/2209","targetHints":{"allow":["GET"]}}],"collection":[{"href":"https:\/\/amicsnepal.blog.pangea.org\/ca\/wp-json\/wp\/v2\/posts"}],"about":[{"href":"https:\/\/amicsnepal.blog.pangea.org\/ca\/wp-json\/wp\/v2\/types\/post"}],"author":[{"embeddable":true,"href":"https:\/\/amicsnepal.blog.pangea.org\/ca\/wp-json\/wp\/v2\/users\/2539"}],"replies":[{"embeddable":true,"href":"https:\/\/amicsnepal.blog.pangea.org\/ca\/wp-json\/wp\/v2\/comments?post=2209"}],"version-history":[{"count":9,"href":"https:\/\/amicsnepal.blog.pangea.org\/ca\/wp-json\/wp\/v2\/posts\/2209\/revisions"}],"predecessor-version":[{"id":2218,"href":"https:\/\/amicsnepal.blog.pangea.org\/ca\/wp-json\/wp\/v2\/posts\/2209\/revisions\/2218"}],"wp:featuredmedia":[{"embeddable":true,"href":"https:\/\/amicsnepal.blog.pangea.org\/ca\/wp-json\/wp\/v2\/media\/2196"}],"wp:attachment":[{"href":"https:\/\/amicsnepal.blog.pangea.org\/ca\/wp-json\/wp\/v2\/media?parent=2209"}],"wp:term":[{"taxonomy":"category","embeddable":true,"href":"https:\/\/amicsnepal.blog.pangea.org\/ca\/wp-json\/wp\/v2\/categories?post=2209"},{"taxonomy":"post_tag","embeddable":true,"href":"https:\/\/amicsnepal.blog.pangea.org\/ca\/wp-json\/wp\/v2\/tags?post=2209"}],"curies":[{"name":"wp","href":"https:\/\/api.w.org\/{rel}","templated":true}]}}