{"id":171,"date":"2014-12-08T13:45:12","date_gmt":"2014-12-08T12:45:12","guid":{"rendered":"http:\/\/amicsnepal.blog.pangea.org\/?p=171"},"modified":"2015-08-24T17:49:11","modified_gmt":"2015-08-24T16:49:11","slug":"plantem-cebes","status":"publish","type":"post","link":"https:\/\/amicsnepal.blog.pangea.org\/ca\/2014\/12\/08\/plantem-cebes\/","title":{"rendered":"Plantem cebes"},"content":{"rendered":"<p>Una de les joies del centre \u00e9s el seu magn\u00edfic hort. En total t\u00e9 uns 5.000 metres quadrats que estan dividits en quatre terrasses diferents. En les dos terrasses que queden m\u00e9s elevades (situades al sud) hi cultivem tot tipus de verdures que acompanyen als dos plats diaris d\u2019arr\u00f2s. Ara en aquestes dues zones de l\u2019hort hi podem trobar gingebre, cols, julivert, espinacs, carbasses, alls&#8230;<\/p>\n<figure id=\"attachment_278\" aria-describedby=\"caption-attachment-278\" style=\"width: 474px\" class=\"wp-caption alignnone\"><a href=\"http:\/\/amicsnepal.blog.pangea.org\/files\/2014\/12\/IMG_7169.jpg\"><img loading=\"lazy\" decoding=\"async\" class=\"wp-image-278 size-large\" src=\"http:\/\/amicsnepal.blog.pangea.org\/files\/2014\/12\/IMG_7169-1024x768.jpg\" alt=\"IMG_7169\" width=\"474\" height=\"355\" srcset=\"https:\/\/amicsnepal.blog.pangea.org\/files\/2014\/12\/IMG_7169-1024x768.jpg 1024w, https:\/\/amicsnepal.blog.pangea.org\/files\/2014\/12\/IMG_7169-300x225.jpg 300w\" sizes=\"auto, (max-width: 474px) 100vw, 474px\" \/><\/a><figcaption id=\"caption-attachment-278\" class=\"wp-caption-text\">Santamaya didi, la responsable de l&#8217;hort, plantant un tipus d&#8217;espinacs.<\/figcaption><\/figure>\n<figure id=\"attachment_279\" aria-describedby=\"caption-attachment-279\" style=\"width: 474px\" class=\"wp-caption alignnone\"><a href=\"http:\/\/amicsnepal.blog.pangea.org\/files\/2014\/12\/IMG_7335.jpg\"><img loading=\"lazy\" decoding=\"async\" class=\"wp-image-279 size-large\" src=\"http:\/\/amicsnepal.blog.pangea.org\/files\/2014\/12\/IMG_7335-1024x768.jpg\" alt=\"IMG_7335\" width=\"474\" height=\"355\" srcset=\"https:\/\/amicsnepal.blog.pangea.org\/files\/2014\/12\/IMG_7335-1024x768.jpg 1024w, https:\/\/amicsnepal.blog.pangea.org\/files\/2014\/12\/IMG_7335-300x225.jpg 300w\" sizes=\"auto, (max-width: 474px) 100vw, 474px\" \/><\/a><figcaption id=\"caption-attachment-279\" class=\"wp-caption-text\">Dos nens del centre fent veure que estan treballant a l&#8217;hort mentre se&#8217;ls fa una fotografia.<\/figcaption><\/figure>\n<p>Ara es l\u2019hora de agafar els planters de cebes i plantar-los, per\u00f2 el nostre planter de cebes no ha crescut prou encara, aix\u00ed que en comprem a Hetauda, aprofitant una de les nostres visites, i ens posem a plantar cebes. Tot molt manual: cabem, ens ajupim i traiem les pedres i les herbes, col\u00b7loquem els planters de ceba a una dist\u00e0ncia prudencial entre ells i posem l\u2019aspersor una estoneta. Tenim la sort que a Bhimphedi no tenim falta d\u2019aigua ni tan sols a l\u2019hivern, tot i ser \u00e8poca seca a Nepal.<\/p>\n<figure id=\"attachment_277\" aria-describedby=\"caption-attachment-277\" style=\"width: 474px\" class=\"wp-caption alignnone\"><a href=\"http:\/\/amicsnepal.blog.pangea.org\/files\/2014\/12\/IMG_6736.jpg\"><img loading=\"lazy\" decoding=\"async\" class=\"wp-image-277 size-large\" src=\"http:\/\/amicsnepal.blog.pangea.org\/files\/2014\/12\/IMG_6736-1024x768.jpg\" alt=\"IMG_6736\" width=\"474\" height=\"355\" srcset=\"https:\/\/amicsnepal.blog.pangea.org\/files\/2014\/12\/IMG_6736-1024x768.jpg 1024w, https:\/\/amicsnepal.blog.pangea.org\/files\/2014\/12\/IMG_6736-300x225.jpg 300w\" sizes=\"auto, (max-width: 474px) 100vw, 474px\" \/><\/a><figcaption id=\"caption-attachment-277\" class=\"wp-caption-text\">La Santamaya, la Beli i l&#8217;Edu plantant iniciant la fase de plantar cebes.<\/figcaption><\/figure>\n<p>Quan ja hem plantat totes les cebes, jo tinc dur\u00edcies a les mans, per\u00f2 les tres treballadores del centre els ha semblat poc, aix\u00ed que em diuen que quan tornem a Hetauda haur\u00edem de portar m\u00e9s planter de cebes, tres cops m\u00e9s que el darrer cop, per poder acabar d\u2019omplir el tros.<\/p>\n<p>Al cap d&#8217;una setmana, ja tenim unes 10,000 cebes plantades, i els nostres planters ja comencen a fer goig! D&#8217;aqu\u00ed uns mesos tindrem cebes per menjar i vendre. O potser nom\u00e9s per menjar, que en aquesta casa hi ha moltes boques&#8230;<\/p>\n<figure id=\"attachment_280\" aria-describedby=\"caption-attachment-280\" style=\"width: 474px\" class=\"wp-caption alignnone\"><a href=\"http:\/\/amicsnepal.blog.pangea.org\/files\/2014\/12\/IMG_7336.jpg\"><img loading=\"lazy\" decoding=\"async\" class=\"wp-image-280 size-large\" src=\"http:\/\/amicsnepal.blog.pangea.org\/files\/2014\/12\/IMG_7336-1024x768.jpg\" alt=\"IMG_7336\" width=\"474\" height=\"355\" srcset=\"https:\/\/amicsnepal.blog.pangea.org\/files\/2014\/12\/IMG_7336-1024x768.jpg 1024w, https:\/\/amicsnepal.blog.pangea.org\/files\/2014\/12\/IMG_7336-300x225.jpg 300w\" sizes=\"auto, (max-width: 474px) 100vw, 474px\" \/><\/a><figcaption id=\"caption-attachment-280\" class=\"wp-caption-text\">10,000 cebes plantades!<\/figcaption><\/figure>\n<p>&nbsp;<\/p>","protected":false},"excerpt":{"rendered":"<p>Una de les joies del centre \u00e9s el seu magn\u00edfic hort. En total t\u00e9 uns 5.000 metres quadrats que estan dividits en quatre terrasses diferents. En les dos terrasses que queden m\u00e9s elevades (situades al sud) hi cultivem tot tipus de verdures que acompanyen als dos plats diaris d\u2019arr\u00f2s. Ara en aquestes dues zones de [&hellip;]<\/p>\n","protected":false},"author":2539,"featured_media":231,"comment_status":"closed","ping_status":"closed","sticky":false,"template":"","format":"standard","meta":{"footnotes":""},"categories":[27393,5],"tags":[],"class_list":["post-171","post","type-post","status-publish","format-standard","has-post-thumbnail","hentry","category-hort","category-projectes"],"_links":{"self":[{"href":"https:\/\/amicsnepal.blog.pangea.org\/ca\/wp-json\/wp\/v2\/posts\/171","targetHints":{"allow":["GET"]}}],"collection":[{"href":"https:\/\/amicsnepal.blog.pangea.org\/ca\/wp-json\/wp\/v2\/posts"}],"about":[{"href":"https:\/\/amicsnepal.blog.pangea.org\/ca\/wp-json\/wp\/v2\/types\/post"}],"author":[{"embeddable":true,"href":"https:\/\/amicsnepal.blog.pangea.org\/ca\/wp-json\/wp\/v2\/users\/2539"}],"replies":[{"embeddable":true,"href":"https:\/\/amicsnepal.blog.pangea.org\/ca\/wp-json\/wp\/v2\/comments?post=171"}],"version-history":[{"count":8,"href":"https:\/\/amicsnepal.blog.pangea.org\/ca\/wp-json\/wp\/v2\/posts\/171\/revisions"}],"predecessor-version":[{"id":297,"href":"https:\/\/amicsnepal.blog.pangea.org\/ca\/wp-json\/wp\/v2\/posts\/171\/revisions\/297"}],"wp:featuredmedia":[{"embeddable":true,"href":"https:\/\/amicsnepal.blog.pangea.org\/ca\/wp-json\/wp\/v2\/media\/231"}],"wp:attachment":[{"href":"https:\/\/amicsnepal.blog.pangea.org\/ca\/wp-json\/wp\/v2\/media?parent=171"}],"wp:term":[{"taxonomy":"category","embeddable":true,"href":"https:\/\/amicsnepal.blog.pangea.org\/ca\/wp-json\/wp\/v2\/categories?post=171"},{"taxonomy":"post_tag","embeddable":true,"href":"https:\/\/amicsnepal.blog.pangea.org\/ca\/wp-json\/wp\/v2\/tags?post=171"}],"curies":[{"name":"wp","href":"https:\/\/api.w.org\/{rel}","templated":true}]}}